{"id":105820,"date":"2026-03-16T10:25:03","date_gmt":"2026-03-16T09:25:03","guid":{"rendered":"https:\/\/geab.se\/elnat\/?p=105820"},"modified":"2026-03-17T10:31:21","modified_gmt":"2026-03-17T09:31:21","slug":"kommentar-regeringens-effektavgift","status":"publish","type":"post","link":"https:\/\/geab.se\/elnat\/kommentar-regeringens-effektavgift\/","title":{"rendered":"Effektavgift pausas efter regeringens besked"},"content":{"rendered":"<h3>Regeringen har meddelat att kravet p\u00e5 att alla eln\u00e4tsbolag ska inf\u00f6ra effektavgift fr\u00e5n den 1 januari 2027 stoppas. Gotlands Eln\u00e4t har \u00e4nnu inte inf\u00f6rt effektavgift till kunderna och inv\u00e4ntar nu nya besked fr\u00e5n Energimarknadsinspektionen.<\/h3>\n<p>\u2013 Vi pausar det planerade inf\u00f6randet av effektavgift, som var t\u00e4nkt till h\u00f6sten 2026, i v\u00e4ntan p\u00e5 nya f\u00f6reskrifter fr\u00e5n Energimarknadsinspektionen. Nu analyserar vi vad regeringens besked inneb\u00e4r f\u00f6r oss och hur det kan p\u00e5verka v\u00e5ra kunder, s\u00e4ger Leo Lingvide, ansvarig f\u00f6r prisfr\u00e5gor och effektavgift p\u00e5 Gotlands Eln\u00e4t.<\/p>\n<p>Vi vill att det ska vara enkelt att vara eln\u00e4tskund och delar energi- och n\u00e4ringsministerns bild av att olika prismodeller f\u00f6r effektavgift hos eln\u00e4tsbolagen har skapat otydlighet.<\/p>\n<p>\u2013 Vi ser positivt p\u00e5 tydligare och mer enhetliga regler fram\u00f6ver. Det skulle st\u00e4rka f\u00f6rtroendet f\u00f6r modellen och g\u00f6ra den mer f\u00f6ruts\u00e4gbar f\u00f6r kunderna, s\u00e4ger Leo Lingvide.<\/p>\n<p>&nbsp;<\/p>\n<p>&nbsp;<\/p>\n","protected":false},"excerpt":{"rendered":"<p>Regeringen har meddelat att kravet p\u00e5 att alla eln\u00e4tsbolag ska inf\u00f6ra effektavgift fr\u00e5n den 1 januari 2027 stoppas. Gotlands Eln\u00e4t har \u00e4nnu inte inf\u00f6rt effektavgift till kunderna och inv\u00e4ntar nu nya besked fr\u00e5n Energimarknadsinspektionen. \u2013 Vi pausar det planerade inf\u00f6randet av effektavgift, som var t\u00e4nkt till h\u00f6sten 2026, i v\u00e4ntan p\u00e5 nya f\u00f6reskrifter fr\u00e5n Energimarknadsinspektionen. [&hellip;]<\/p>\n","protected":false},"author":11,"featured_media":102558,"comment_status":"closed","ping_status":"closed","sticky":false,"template":"","format":"standard","meta":{"_seopress_robots_primary_cat":"none","_seopress_titles_title":"Kommentar till regeringens besked om effektavgift \u2013 Gotlands Eln\u00e4t pausar inf\u00f6randet","_seopress_titles_desc":"","_seopress_robots_index":"","footnotes":""},"categories":[39],"tags":[],"class_list":["post-105820","post","type-post","status-publish","format-standard","has-post-thumbnail","hentry","category-nyheter-elnat"],"_links":{"self":[{"href":"https:\/\/geab.se\/elnat\/wp-json\/wp\/v2\/posts\/105820","targetHints":{"allow":["GET"]}}],"collection":[{"href":"https:\/\/geab.se\/elnat\/wp-json\/wp\/v2\/posts"}],"about":[{"href":"https:\/\/geab.se\/elnat\/wp-json\/wp\/v2\/types\/post"}],"author":[{"embeddable":true,"href":"https:\/\/geab.se\/elnat\/wp-json\/wp\/v2\/users\/11"}],"replies":[{"embeddable":true,"href":"https:\/\/geab.se\/elnat\/wp-json\/wp\/v2\/comments?post=105820"}],"version-history":[{"count":7,"href":"https:\/\/geab.se\/elnat\/wp-json\/wp\/v2\/posts\/105820\/revisions"}],"predecessor-version":[{"id":105846,"href":"https:\/\/geab.se\/elnat\/wp-json\/wp\/v2\/posts\/105820\/revisions\/105846"}],"wp:featuredmedia":[{"embeddable":true,"href":"https:\/\/geab.se\/elnat\/wp-json\/wp\/v2\/media\/102558"}],"wp:attachment":[{"href":"https:\/\/geab.se\/elnat\/wp-json\/wp\/v2\/media?parent=105820"}],"wp:term":[{"taxonomy":"category","embeddable":true,"href":"https:\/\/geab.se\/elnat\/wp-json\/wp\/v2\/categories?post=105820"},{"taxonomy":"post_tag","embeddable":true,"href":"https:\/\/geab.se\/elnat\/wp-json\/wp\/v2\/tags?post=105820"}],"curies":[{"name":"wp","href":"https:\/\/api.w.org\/{rel}","templated":true}]}}