{"id":105336,"date":"2025-11-25T10:00:00","date_gmt":"2025-11-25T09:00:00","guid":{"rendered":"https:\/\/geab.se\/elnat\/?p=105336"},"modified":"2025-11-25T10:00:00","modified_gmt":"2025-11-25T09:00:00","slug":"ny-elnatsavgift-2026","status":"publish","type":"post","link":"https:\/\/geab.se\/elnat\/ny-elnatsavgift-2026\/","title":{"rendered":"Ny eln\u00e4tsavgift"},"content":{"rendered":"<h3>Fr\u00e5n \u00e5rsskiftet h\u00f6js eln\u00e4tsavgiften. H\u00f6jningen motsvarar i genomsnitt 22 kronor per m\u00e5nad f\u00f6r en l\u00e4genhet (f\u00f6rbrukning 2 000 kWh\/\u00e5r) och 168 kronor per m\u00e5nad f\u00f6r en villa (f\u00f6rbrukning 20 000 kWh\/\u00e5r).<\/h3>\n<p>&nbsp;<\/p>\n<h3><strong>Vad g\u00e5r avgiften till?<\/strong><\/h3>\n<p>Eln\u00e4tsavgiften du betalar anv\u00e4nds f\u00f6r att f\u00f6rb\u00e4ttra och utveckla eln\u00e4tet, s\u00e5 att det klarar b\u00e5de dagens behov och framtidens krav. Ett eln\u00e4t blir aldrig f\u00e4rdigt, det m\u00e5ste hela tiden anpassas f\u00f6r att vara robust, tillf\u00f6rlitligt och h\u00e5llbart.<\/p>\n<p>Avgiften har h\u00f6jts tidigare och vi f\u00f6rst\u00e5r att det kan k\u00e4nnas som att samma motivering \u00e5terkommer. D\u00e4rf\u00f6r vill vi vara tydliga med vad som faktiskt har gjorts, och varf\u00f6r en ny h\u00f6jning nu \u00e4r n\u00f6dv\u00e4ndig.<\/p>\n<p>&nbsp;<\/p>\n<p><strong><a href=\"https:\/\/geab.se\/elnat\/satsningar\/\">\u2192 H\u00e4r kan du l\u00e4sa om v\u00e5ra satsningar<\/a><\/strong><\/p>\n<p>&nbsp;<\/p>\n<h3><strong>Det h\u00e4r g\u00f6r vi nu och fram\u00e5t<\/strong><\/h3>\n<p>I \u00e5r tog vi f\u00f6rsta spadtaget f\u00f6r den st\u00f6rsta eln\u00e4tsutbyggnaden p\u00e5 Gotland p\u00e5 \u00f6ver 50 \u00e5r. Projektet omfattar cirka 40 delprojekt \u00f6ver hela \u00f6n, d\u00e4r ledningar, stolpar och stationer byts eller byggs ut. Fram till 2040 investerar vi stort f\u00f6r att s\u00e4kra \u00f6ns elf\u00f6rs\u00f6rjning och driva p\u00e5 energiomst\u00e4llningen.<\/p>\n<p>&nbsp;<\/p>\n<h3><strong>Tryggare eln\u00e4t i en orolig tid<\/strong><\/h3>\n<p>Oron i v\u00e5r omv\u00e4rld g\u00f6r att vi \u00e4ven beh\u00f6ver rusta eln\u00e4tet ur ett totalf\u00f6rsvarsperspektiv. Det st\u00e4ller h\u00f6ga krav p\u00e5 ett robust och stabilt eln\u00e4t, och det \u00e4r en del av v\u00e5rt ansvar.<\/p>\n<p>Har du fr\u00e5gor? Vi svarar g\u00e4rna.<\/p>\n<p>Med v\u00e4nlig h\u00e4lsning,<br \/>\nGotlands Eln\u00e4t AB<\/p>\n<p><a href=\"mailto:info@geab.se\">info@geab.se<\/a><br \/>\n0498 \u2013 28 50 00<\/p>\n<p>&nbsp;<\/p>\n<p><strong><a href=\"https:\/\/geab.se\/elnat\/avgift\/\">\u2192 S\u00e5 fungerar eln\u00e4tsavgiften\u00a0<\/a><\/strong><\/p>\n<p>&nbsp;<\/p>\n","protected":false},"excerpt":{"rendered":"<p>Fr\u00e5n \u00e5rsskiftet h\u00f6js eln\u00e4tsavgiften. H\u00f6jningen motsvarar i genomsnitt 22 kronor per m\u00e5nad f\u00f6r en l\u00e4genhet (f\u00f6rbrukning 2 000 kWh\/\u00e5r) och 168 kronor per m\u00e5nad f\u00f6r en villa (f\u00f6rbrukning 20 000 kWh\/\u00e5r). &nbsp; Vad g\u00e5r avgiften till? Eln\u00e4tsavgiften du betalar anv\u00e4nds f\u00f6r att f\u00f6rb\u00e4ttra och utveckla eln\u00e4tet, s\u00e5 att det klarar b\u00e5de dagens behov och framtidens [&hellip;]<\/p>\n","protected":false},"author":11,"featured_media":17028,"comment_status":"closed","ping_status":"closed","sticky":false,"template":"","format":"standard","meta":{"_seopress_robots_primary_cat":"none","_seopress_titles_title":"Ny eln\u00e4tsavgift","_seopress_titles_desc":"Eln\u00e4tsavgiften du betalar anv\u00e4nds f\u00f6r att f\u00f6rb\u00e4ttra och utveckla eln\u00e4tet, s\u00e5 att det klarar b\u00e5de dagens behov och framtidens krav. Ett eln\u00e4t blir aldrig f\u00e4rdigt, det m\u00e5ste hela tiden anpassas f\u00f6r att vara robust, tillf\u00f6rlitligt och h\u00e5llbart.","_seopress_robots_index":"","footnotes":""},"categories":[39],"tags":[],"class_list":["post-105336","post","type-post","status-publish","format-standard","has-post-thumbnail","hentry","category-nyheter-elnat"],"_links":{"self":[{"href":"https:\/\/geab.se\/elnat\/wp-json\/wp\/v2\/posts\/105336","targetHints":{"allow":["GET"]}}],"collection":[{"href":"https:\/\/geab.se\/elnat\/wp-json\/wp\/v2\/posts"}],"about":[{"href":"https:\/\/geab.se\/elnat\/wp-json\/wp\/v2\/types\/post"}],"author":[{"embeddable":true,"href":"https:\/\/geab.se\/elnat\/wp-json\/wp\/v2\/users\/11"}],"replies":[{"embeddable":true,"href":"https:\/\/geab.se\/elnat\/wp-json\/wp\/v2\/comments?post=105336"}],"version-history":[{"count":4,"href":"https:\/\/geab.se\/elnat\/wp-json\/wp\/v2\/posts\/105336\/revisions"}],"predecessor-version":[{"id":105342,"href":"https:\/\/geab.se\/elnat\/wp-json\/wp\/v2\/posts\/105336\/revisions\/105342"}],"wp:featuredmedia":[{"embeddable":true,"href":"https:\/\/geab.se\/elnat\/wp-json\/wp\/v2\/media\/17028"}],"wp:attachment":[{"href":"https:\/\/geab.se\/elnat\/wp-json\/wp\/v2\/media?parent=105336"}],"wp:term":[{"taxonomy":"category","embeddable":true,"href":"https:\/\/geab.se\/elnat\/wp-json\/wp\/v2\/categories?post=105336"},{"taxonomy":"post_tag","embeddable":true,"href":"https:\/\/geab.se\/elnat\/wp-json\/wp\/v2\/tags?post=105336"}],"curies":[{"name":"wp","href":"https:\/\/api.w.org\/{rel}","templated":true}]}}