{"id":104832,"date":"2025-11-11T11:03:04","date_gmt":"2025-11-11T10:03:04","guid":{"rendered":"https:\/\/geab.se\/elnat\/?p=104832"},"modified":"2025-11-11T15:35:32","modified_gmt":"2025-11-11T14:35:32","slug":"talangprogram","status":"publish","type":"post","link":"https:\/\/geab.se\/elnat\/talangprogram\/","title":{"rendered":"Talangprogrammet 1,5 \u00e5r senare"},"content":{"rendered":"<h3>N\u00e4r Geabs talangprogram drog ig\u00e5ng v\u00e5ren 2024 lockade det 162 s\u00f6kande. Fem deltagare, Elin, Petra, Jacob, Vickie och Bella, valdes ut till den tv\u00e5\u00e5riga utbildningen som kombinerar praktik, handledning och studier. Syftet \u00e4r att ge praktisk erfarenhet, skapa v\u00e4gar in i energibranschen och bygga en stark gemenskap.<\/h3>\n<p>\u2013 M\u00e5let \u00e4r inte bara att hitta r\u00e4tt inriktning f\u00f6r varje deltagare, utan att de ska bli ett tajt g\u00e4ng som st\u00f6ttar varandra genom hela utbildningen, ber\u00e4ttade Simon Rondahl, utbildningsansvarig p\u00e5 Geab, n\u00e4r programmet startade.<\/p>\n<p>Nu, ett och ett halvt \u00e5r senare, har deltagarna hunnit v\u00e4xa b\u00e5de som personer och i sina yrkesroller. Vi har pratat med Jacob, Vickie och Petra om hur deras resa har varit hittills.<\/p>\n<p>&nbsp;<\/p>\n<h3><\/h3>\n<figure id=\"attachment_104843\" aria-describedby=\"caption-attachment-104843\" style=\"width: 400px\" class=\"wp-caption alignleft\"><img fetchpriority=\"high\" decoding=\"async\" class=\"wp-image-104843 size-large\" src=\"https:\/\/geab.se\/elnat\/wp-content\/uploads\/sites\/3\/2025\/11\/ElnatGotland_dimma-20-400x600.jpg\" alt=\"Jacob g\u00e5r i dimma\" width=\"400\" height=\"600\" srcset=\"https:\/\/geab.se\/elnat\/wp-content\/uploads\/sites\/3\/2025\/11\/ElnatGotland_dimma-20-400x600.jpg 400w, https:\/\/geab.se\/elnat\/wp-content\/uploads\/sites\/3\/2025\/11\/ElnatGotland_dimma-20-200x300.jpg 200w, https:\/\/geab.se\/elnat\/wp-content\/uploads\/sites\/3\/2025\/11\/ElnatGotland_dimma-20-1024x1536.jpg 1024w, https:\/\/geab.se\/elnat\/wp-content\/uploads\/sites\/3\/2025\/11\/ElnatGotland_dimma-20-1365x2048.jpg 1365w, https:\/\/geab.se\/elnat\/wp-content\/uploads\/sites\/3\/2025\/11\/ElnatGotland_dimma-20-scaled.jpg 1707w\" sizes=\"(max-width: 400px) 100vw, 400px\" \/><figcaption id=\"caption-attachment-104843\" class=\"wp-caption-text\">Jacob Gahne<\/figcaption><\/figure>\n<h3><strong>\u201dEn stor och l\u00e4rorik resa\u201d<\/strong><\/h3>\n<p>F\u00f6r Jacob har \u00e5ret varit b\u00e5de intensivt och utvecklande.<\/p>\n<p>\u2013 Det har varit bra, l\u00e4rorikt och roligt. Mest \u00f6verraskande har nog varit att se vilken stor \u201dapparat\u201d det kan vara att f\u00e5 \u00e4ven en liten \u00e5tg\u00e4rd gjord ute i eln\u00e4tet, s\u00e4ger han.<\/p>\n<p>Han blev placerad p\u00e5 m\u00e4tning och belysning, med fokus p\u00e5 h\u00f6gsp\u00e4nningsm\u00e4tning. \u00c4ven om det inte var hans f\u00f6rstahandsval, har det visat sig passa honom bra.<\/p>\n<p>\u2013 Det blir sp\u00e4nnande att f\u00e5 mer djupg\u00e5ende kunskaper under andra \u00e5ret. Framtiden p\u00e5 Geab ser jag ljust p\u00e5 \u2013 bara man sj\u00e4lv har viljan att utvecklas.<\/p>\n<p>Bland minnena fr\u00e5n \u00e5ret lyfter Jacob fram arbetet ute p\u00e5 f\u00e4ltet.<\/p>\n<p>\u2013 Jag minns s\u00e4rskilt n\u00e4r jag fick vara med och fels\u00f6ka ett gasl\u00e4ckage och serva utrustning i h\u00f6gsp\u00e4nningsn\u00e4tet, och n\u00e4r vi bytte stolpar under ett nattavbrott i Hellvi. Det var riktigt givande.<\/p>\n<p>&nbsp;<\/p>\n<p>&nbsp;<\/p>\n<p>&nbsp;<\/p>\n<p>&nbsp;<\/p>\n<h3><\/h3>\n<h3><\/h3>\n<figure id=\"attachment_104844\" aria-describedby=\"caption-attachment-104844\" style=\"width: 400px\" class=\"wp-caption alignright\"><img decoding=\"async\" class=\"wp-image-104844 size-large\" src=\"https:\/\/geab.se\/elnat\/wp-content\/uploads\/sites\/3\/2025\/11\/ElnatGotland_dimma-21-kopiera-400x600.jpg\" alt=\"Vickie st\u00e5r med utrustning i ledningsgata\" width=\"400\" height=\"600\" srcset=\"https:\/\/geab.se\/elnat\/wp-content\/uploads\/sites\/3\/2025\/11\/ElnatGotland_dimma-21-kopiera-400x600.jpg 400w, https:\/\/geab.se\/elnat\/wp-content\/uploads\/sites\/3\/2025\/11\/ElnatGotland_dimma-21-kopiera-200x300.jpg 200w, https:\/\/geab.se\/elnat\/wp-content\/uploads\/sites\/3\/2025\/11\/ElnatGotland_dimma-21-kopiera-1024x1536.jpg 1024w, https:\/\/geab.se\/elnat\/wp-content\/uploads\/sites\/3\/2025\/11\/ElnatGotland_dimma-21-kopiera-1365x2048.jpg 1365w, https:\/\/geab.se\/elnat\/wp-content\/uploads\/sites\/3\/2025\/11\/ElnatGotland_dimma-21-kopiera-scaled.jpg 1707w\" sizes=\"(max-width: 400px) 100vw, 400px\" \/><figcaption id=\"caption-attachment-104844\" class=\"wp-caption-text\">Vickie Johansson<\/figcaption><\/figure>\n<h3><\/h3>\n<h3><\/h3>\n<h3><\/h3>\n<h3><\/h3>\n<h3><strong>&#8221;Hela Gotland \u00e4r v\u00e5rt kontor\u201d<\/strong><\/h3>\n<p>F\u00f6r Vickie har det f\u00f6rsta \u00e5ret inneburit b\u00e5de nya uppgifter och vackra vyer.<\/p>\n<p>\u2013 Geab \u00e4r ett stort och bra f\u00f6retag, och det som \u00f6verraskade mig mest var att vi verkligen har hela Gotland som v\u00e5rt kontor! Det \u00e4r en gl\u00e4dje att k\u00f6ra runt p\u00e5 \u00f6n, ber\u00e4ttar hon.<\/p>\n<p>Hon valde inriktningen underh\u00e5ll, men arbetar idag inom bygg, d\u00e4r hon bygger nytt och gr\u00e4ver ner linjer f\u00f6r att st\u00e4rka eln\u00e4tet.<\/p>\n<p>\u2013 Det \u00e4r roligt att jobba i team ute i skogen eller uppe bland tr\u00e4dkronorna. Vid avbrott samarbetar vi mot ett gemensamt m\u00e5l \u2013 att snabbt hj\u00e4lpa kunderna och se ett bra resultat i slutet av dagen.<\/p>\n<p>S\u00e4kerhetsarbetet har gjort stort intryck p\u00e5 henne.<\/p>\n<p>\u2013 Det \u00e4r v\u00e4ldigt l\u00e4rorikt att jobba s\u00e4kert i ett s\u00e5 riskfyllt arbete. Det k\u00e4nns roligt att ha alla m\u00f6jligheter i ett stort bolag och samtidigt f\u00e5 vara ute i naturen varje dag.<\/p>\n<p>&nbsp;<\/p>\n<p>&nbsp;<\/p>\n<p>&nbsp;<\/p>\n<p>&nbsp;<\/p>\n<figure id=\"attachment_104851\" aria-describedby=\"caption-attachment-104851\" style=\"width: 400px\" class=\"wp-caption alignleft\"><img decoding=\"async\" class=\"wp-image-104851\" src=\"https:\/\/geab.se\/elnat\/wp-content\/uploads\/sites\/3\/2025\/11\/IMG_3107-kopiera-3-420x600.jpg\" alt=\"\" width=\"400\" height=\"571\" srcset=\"https:\/\/geab.se\/elnat\/wp-content\/uploads\/sites\/3\/2025\/11\/IMG_3107-kopiera-3-420x600.jpg 420w, https:\/\/geab.se\/elnat\/wp-content\/uploads\/sites\/3\/2025\/11\/IMG_3107-kopiera-3-210x300.jpg 210w, https:\/\/geab.se\/elnat\/wp-content\/uploads\/sites\/3\/2025\/11\/IMG_3107-kopiera-3-1076x1536.jpg 1076w, https:\/\/geab.se\/elnat\/wp-content\/uploads\/sites\/3\/2025\/11\/IMG_3107-kopiera-3-1434x2048.jpg 1434w, https:\/\/geab.se\/elnat\/wp-content\/uploads\/sites\/3\/2025\/11\/IMG_3107-kopiera-3-scaled.jpg 1793w\" sizes=\"(max-width: 400px) 100vw, 400px\" \/><figcaption id=\"caption-attachment-104851\" class=\"wp-caption-text\">Petra Gestrinius<\/figcaption><\/figure>\n<h3><\/h3>\n<h3><strong>\u201dJag l\u00e4r mig n\u00e5got nytt varje dag\u201d<\/strong><\/h3>\n<p>F\u00f6r Petra har \u00e5ret i talangprogrammet varit en tid av utveckling och mycket att l\u00e4ra sig.<\/p>\n<p>\u2013 Det har varit v\u00e4ldigt l\u00e4rorikt, och det som \u00f6verraskat mig mest \u00e4r att jag tycker att det \u00e4r roligt att arbeta i storm och d\u00e5ligt v\u00e4der, s\u00e4ger hon med ett leende.<\/p>\n<p>Hon fick sin \u00f6nskade placering p\u00e5 bygg, d\u00e4r hon trivs med att koppla sk\u00e5p och skarva kablar.<\/p>\n<p>\u2013 Vi har det v\u00e4ldigt bra tillsammans p\u00e5 jobbet. Det h\u00e4nder ofta att vi skrattar s\u00e5 vi n\u00e4stan kiknar, det g\u00f6r dagarna b\u00e5de l\u00e4ttare och roligare. Och man f\u00e5r se s\u00e5 mycket, ibland st\u00e5r man p\u00e5 marken och ibland h\u00f6gt uppe i skyliften med otroliga utsikter \u00f6ver \u00f6n.<\/p>\n<p>Petra lyfter ocks\u00e5 fram handledarnas viktiga roll:<\/p>\n<p>\u2013 En bra handledare l\u00e5ter en t\u00e4nka sj\u00e4lv och prova sig fram, men finns alltid d\u00e4r om n\u00e5got skulle bli fel. De svarar p\u00e5 alla tusen fr\u00e5gor man st\u00e4ller och f\u00e5r en verkligen att k\u00e4nna att det inte finns n\u00e5gra dumma fr\u00e5gor. De \u00e4r otroligt bra p\u00e5 att f\u00f6rklara p\u00e5 ett s\u00e4tt som vem som helst skulle f\u00f6rst\u00e5, och det betyder mycket, s\u00e4rskilt n\u00e4r man jobbar med saker som kan vara farliga. Att ha en stark handledare n\u00e4ra till hands \u00e4r guld v\u00e4rt, och jag har l\u00e4rt mig otroligt mycket tack vare deras st\u00f6d.<\/p>\n<p>Nu ser hon fram emot att forts\u00e4tta utvecklas under det andra \u00e5ret.<\/p>\n<p>\u2013 Man b\u00f6rjar f\u00e5 lite mer k\u00f6tt p\u00e5 benen och ser fram emot att l\u00e4ra sig \u00e4nnu mer och ta lite mer ansvar i takt med att man v\u00e4xer in i rollen.<\/p>\n<h3><strong>Framtiden ser ljus ut<\/strong><\/h3>\n<p>Efter 1,5 \u00e5r fyllda av l\u00e4rande, gemenskap och skratt st\u00e5r det klart att Geabs talangprogram gett deltagarna en stark grund f\u00f6r framtiden.<\/p>\n<p>\u2013 Vi hoppas att v\u00e5ra talanger ska trivas, tycka att det \u00e4r sp\u00e4nnande och vilja jobba kvar, sa Kalle Blomberg, vd f\u00f6r Gotlands Eln\u00e4t, vid programmets start.<\/p>\n<p>Och det verkar de verkligen g\u00f6ra. Framtiden ser b\u00e5de ljus och sp\u00e4nnande ut f\u00f6r de fem talangerna.<\/p>\n<p>&nbsp;<\/p>\n<p><strong>\u2192\u00a0<a href=\"https:\/\/geab.se\/om-talangprogrammet\/\">L\u00e4s mer om talangprogrammet h\u00e4r<\/a><\/strong><\/p>\n<p>&nbsp;<\/p>\n<p>&nbsp;<\/p>\n","protected":false},"excerpt":{"rendered":"<p>N\u00e4r Geabs talangprogram drog ig\u00e5ng v\u00e5ren 2024 lockade det 162 s\u00f6kande. Fem deltagare, Elin, Petra, Jacob, Vickie och Bella, valdes ut till den tv\u00e5\u00e5riga utbildningen som kombinerar praktik, handledning och studier. Syftet \u00e4r att ge praktisk erfarenhet, skapa v\u00e4gar in i energibranschen och bygga en stark gemenskap. \u2013 M\u00e5let \u00e4r inte bara att hitta r\u00e4tt [&hellip;]<\/p>\n","protected":false},"author":11,"featured_media":104842,"comment_status":"closed","ping_status":"closed","sticky":false,"template":"","format":"standard","meta":{"_seopress_robots_primary_cat":"none","_seopress_titles_title":"Talangprogrammet - 1,5 \u00e5r senare","_seopress_titles_desc":"","_seopress_robots_index":"","footnotes":""},"categories":[39],"tags":[],"class_list":["post-104832","post","type-post","status-publish","format-standard","has-post-thumbnail","hentry","category-nyheter-elnat"],"_links":{"self":[{"href":"https:\/\/geab.se\/elnat\/wp-json\/wp\/v2\/posts\/104832","targetHints":{"allow":["GET"]}}],"collection":[{"href":"https:\/\/geab.se\/elnat\/wp-json\/wp\/v2\/posts"}],"about":[{"href":"https:\/\/geab.se\/elnat\/wp-json\/wp\/v2\/types\/post"}],"author":[{"embeddable":true,"href":"https:\/\/geab.se\/elnat\/wp-json\/wp\/v2\/users\/11"}],"replies":[{"embeddable":true,"href":"https:\/\/geab.se\/elnat\/wp-json\/wp\/v2\/comments?post=104832"}],"version-history":[{"count":22,"href":"https:\/\/geab.se\/elnat\/wp-json\/wp\/v2\/posts\/104832\/revisions"}],"predecessor-version":[{"id":104870,"href":"https:\/\/geab.se\/elnat\/wp-json\/wp\/v2\/posts\/104832\/revisions\/104870"}],"wp:featuredmedia":[{"embeddable":true,"href":"https:\/\/geab.se\/elnat\/wp-json\/wp\/v2\/media\/104842"}],"wp:attachment":[{"href":"https:\/\/geab.se\/elnat\/wp-json\/wp\/v2\/media?parent=104832"}],"wp:term":[{"taxonomy":"category","embeddable":true,"href":"https:\/\/geab.se\/elnat\/wp-json\/wp\/v2\/categories?post=104832"},{"taxonomy":"post_tag","embeddable":true,"href":"https:\/\/geab.se\/elnat\/wp-json\/wp\/v2\/tags?post=104832"}],"curies":[{"name":"wp","href":"https:\/\/api.w.org\/{rel}","templated":true}]}}