{"id":104703,"date":"2025-10-13T07:05:46","date_gmt":"2025-10-13T05:05:46","guid":{"rendered":"https:\/\/geab.se\/elnat\/?p=104703"},"modified":"2025-10-13T09:34:49","modified_gmt":"2025-10-13T07:34:49","slug":"vattenfall-genomfor-tester-av-reservkraften-pa-gotland","status":"publish","type":"post","link":"https:\/\/geab.se\/elnat\/vattenfall-genomfor-tester-av-reservkraften-pa-gotland\/","title":{"rendered":"Testerna av reservkraften flyttas fram"},"content":{"rendered":"<h3>Det planerade testet av reservkraften i Slite kommer inte att genomf\u00f6ras som planerat. F\u00f6r att genomf\u00f6ra testerna p\u00e5 ett s\u00e4kert s\u00e4tt beh\u00f6ver Gotlands Eln\u00e4t vidta ytterligare anpassningar av eln\u00e4tet, vilket tar l\u00e4ngre tid \u00e4n ber\u00e4knat.<\/h3>\n<p>\u2013\u00a0 Att genomf\u00f6ra den h\u00e4r sortens tester \u00e4r tekniskt komplicerat och vi beh\u00f6ver helt enkelt lite mer tid f\u00f6r att f\u00f6rbereda testerna, s\u00e4ger Kalle Blomberg, vd Gotlands Eln\u00e4t.<\/p>\n<p>Under den senaste tiden har Vattenfall vidtagit \u00e5tg\u00e4rder i syfte att s\u00e4kerst\u00e4lla reservkraften p\u00e5 Gotland. Tanken var att testa reservkraftens f\u00f6rm\u00e5ga vid ett planerat str\u00f6mavbrott redan nu i veckan.<\/p>\n<p>Genom att senarel\u00e4gga testerna vill Gotlands Eln\u00e4t minimera risken f\u00f6r att testet orsakar st\u00f6rningar p\u00e5 eln\u00e4tet som i f\u00f6rl\u00e4ngningen kan leda till ett mer omfattande str\u00f6mavbrott och skador p\u00e5 elektrisk utrustning.<\/p>\n<p>\u2013 Vi beklagar att testerna beh\u00f6ver flyttas fram med kort varsel. Vi \u00e5terkommer med ett nytt datum s\u00e5 snart f\u00f6rberedelserna \u00e4r klara, s\u00e4ger Kalle Blomberg, vid Gotlands Eln\u00e4t.<\/p>\n<p>&nbsp;<\/p>\n<p>_______________________________________________________________________________________________________________________________________<\/p>\n<p><em>Tidigare uppdatering 6 oktober\u00a0<\/em><\/p>\n<h3><strong>F\u00f6r att s\u00e4kerst\u00e4lla funktionaliteten av reservkraften p\u00e5 Gotland kommer Vattenfall att genomf\u00f6ra tester av reservkraftanl\u00e4ggningen i Slite.\u00a0<\/strong><\/h3>\n<p>\u2013 Vattenfall s\u00e4tter s\u00e4kerheten fr\u00e4mst och \u00e4r m\u00e5na om att alla gotl\u00e4nningar ska k\u00e4nna sig trygga med att reservkraften fungerar. D\u00e4rf\u00f6r kommer vi att genomf\u00f6ra skarpa tester d\u00e5 vi startar reservkraften i samband med ett planerat str\u00f6mavbrott, s\u00e4ger Henrik Aleryd, ansvarig f\u00f6r Vattenfalls reservkraft p\u00e5 Gotland.<\/p>\n<p>Under de senaste \u00e5ren har Vattenfall investerat i reservkraften p\u00e5 \u00f6n. I Slite har satsningar gjorts f\u00f6r att modernisera och livstidsf\u00f6rl\u00e4nga anl\u00e4ggningen i syfte att skapa redundans och s\u00e4kra fortsatt drift. Vid de senaste str\u00f6mavbrotten visade det sig att den uppdaterade reservkraften i Slite inte fungerade som normalt.<\/p>\n<p>\u2013 Man skulle kunna likna det vid ett ink\u00f6rningsproblem. Vi har nu analyserat h\u00e4ndelsen och \u00e5tg\u00e4rdat de brister som uppt\u00e4cktes. F\u00f6r att verkligen veta att v\u00e5ra \u00e5tg\u00e4rder gett resultat beh\u00f6ver vi \u00e4ven testa systemen i ett skarpt l\u00e4ge och det \u00e4r det vi planerar f\u00f6r nu, s\u00e4ger Henrik Aleryd.<\/p>\n<p>Testerna kommer att ske under kontrollerade former, vilket\u00a0inneb\u00e4r att reservkraften startas vid ett planerat str\u00f6mavbrott d\u00e4r ber\u00f6rda kunder\u00a0 informeras i f\u00f6rv\u00e4g. Testerna kommer att ske natten mellan den 13 och 14 oktober mellan klockan 01.00 och 05.00.<\/p>\n<p>\u2013 F\u00f6r att kunna testa systemen fullt ut kommer vi att beh\u00f6va st\u00e4nga av str\u00f6mmen f\u00f6r cirka 9000 kunder p\u00e5 delar av mellersta och norra Gotland. Vi v\u00e4ljer en tid p\u00e5 dygnet d\u00e5 vi vet att v\u00e5ra kunder p\u00e5verkas i s\u00e5 liten utstr\u00e4ckning som m\u00f6jligt och hoppas p\u00e5 f\u00f6rst\u00e5else f\u00f6r testet som ju har f\u00f6r avsikt att s\u00e4kra reservkraften p\u00e5 Gotland, s\u00e4ger Kalle Blomberg, vd vid Gotlands eln\u00e4t.<\/p>\n<p>Med h\u00e4nsyn till s\u00e4kerhetsskyddsaspekter f\u00f6r reservkraften ges inga specifika detaljer om det arbete som genomf\u00f6rts inf\u00f6r och under testerna.<\/p>\n<p>&nbsp;<\/p>\n","protected":false},"excerpt":{"rendered":"<p>Det planerade testet av reservkraften i Slite kommer inte att genomf\u00f6ras som planerat. F\u00f6r att genomf\u00f6ra testerna p\u00e5 ett s\u00e4kert s\u00e4tt beh\u00f6ver Gotlands Eln\u00e4t vidta ytterligare anpassningar av eln\u00e4tet, vilket tar l\u00e4ngre tid \u00e4n ber\u00e4knat. \u2013\u00a0 Att genomf\u00f6ra den h\u00e4r sortens tester \u00e4r tekniskt komplicerat och vi beh\u00f6ver helt enkelt lite mer tid f\u00f6r att [&hellip;]<\/p>\n","protected":false},"author":11,"featured_media":21995,"comment_status":"closed","ping_status":"closed","sticky":false,"template":"","format":"standard","meta":{"_seopress_robots_primary_cat":"none","_seopress_titles_title":"","_seopress_titles_desc":"","_seopress_robots_index":"","footnotes":""},"categories":[27],"tags":[],"class_list":["post-104703","post","type-post","status-publish","format-standard","has-post-thumbnail","hentry","category-storningsinfo"],"_links":{"self":[{"href":"https:\/\/geab.se\/elnat\/wp-json\/wp\/v2\/posts\/104703","targetHints":{"allow":["GET"]}}],"collection":[{"href":"https:\/\/geab.se\/elnat\/wp-json\/wp\/v2\/posts"}],"about":[{"href":"https:\/\/geab.se\/elnat\/wp-json\/wp\/v2\/types\/post"}],"author":[{"embeddable":true,"href":"https:\/\/geab.se\/elnat\/wp-json\/wp\/v2\/users\/11"}],"replies":[{"embeddable":true,"href":"https:\/\/geab.se\/elnat\/wp-json\/wp\/v2\/comments?post=104703"}],"version-history":[{"count":4,"href":"https:\/\/geab.se\/elnat\/wp-json\/wp\/v2\/posts\/104703\/revisions"}],"predecessor-version":[{"id":104745,"href":"https:\/\/geab.se\/elnat\/wp-json\/wp\/v2\/posts\/104703\/revisions\/104745"}],"wp:featuredmedia":[{"embeddable":true,"href":"https:\/\/geab.se\/elnat\/wp-json\/wp\/v2\/media\/21995"}],"wp:attachment":[{"href":"https:\/\/geab.se\/elnat\/wp-json\/wp\/v2\/media?parent=104703"}],"wp:term":[{"taxonomy":"category","embeddable":true,"href":"https:\/\/geab.se\/elnat\/wp-json\/wp\/v2\/categories?post=104703"},{"taxonomy":"post_tag","embeddable":true,"href":"https:\/\/geab.se\/elnat\/wp-json\/wp\/v2\/tags?post=104703"}],"curies":[{"name":"wp","href":"https:\/\/api.w.org\/{rel}","templated":true}]}}