{"id":103829,"date":"2025-06-18T22:05:49","date_gmt":"2025-06-18T20:05:49","guid":{"rendered":"https:\/\/geab.se\/elnat\/?p=103829"},"modified":"2025-06-22T22:07:55","modified_gmt":"2025-06-22T20:07:55","slug":"vi-rustar-almedalsveckan","status":"publish","type":"post","link":"https:\/\/geab.se\/elnat\/vi-rustar-almedalsveckan\/","title":{"rendered":"Vi rustar f\u00f6r Almedalsveckan"},"content":{"rendered":"<div class=\"\" data-block=\"true\" data-editor=\"8nffj\" data-offset-key=\"er5kp-0-0\">\n<h3 class=\"_1mf _1mj\" data-offset-key=\"er5kp-0-0\"><span data-offset-key=\"er5kp-0-0\">Almedalsveckan n\u00e4rmar sig och just nu bubblar det av aktivitet h\u00e4r i Visby. <\/span><\/h3>\n<p class=\"_1mf _1mj\" data-offset-key=\"er5kp-0-0\"><span data-offset-key=\"er5kp-0-0\">Scener, t\u00e4lt och montrar v\u00e4xer fram i rekordfart, men bakom kulisserna sker n\u00e5got du kanske inte visste om\u2026 <\/span><span style=\"font-size: 16px;\">V\u00e5ra medarbetare jobbar f\u00f6r fullt med att s\u00e4tta upp tillf\u00e4lliga elanslutningar, s\u00e5 att Almedalsveckans alla evenemang f\u00e5r str\u00f6m till ljud, ljus, teknik och mycket mer.\u00a0 <\/span>Gotlands Eln\u00e4t spelar en avg\u00f6rande roll f\u00f6r att Almedalsveckan ska fungera \u2013 och vi \u00e4r stolta \u00f6ver att vara en del av det. \ud83d\udc9b\ud83d\udc99<\/p>\n<\/div>\n<div class=\"\" data-block=\"true\" data-editor=\"8nffj\" data-offset-key=\"5jgtk-0-0\">\n<div class=\"_1mf _1mj\" data-offset-key=\"5jgtk-0-0\"><span data-offset-key=\"5jgtk-0-0\">\u00a0<\/span><\/div>\n<\/div>\n<div class=\"\" data-block=\"true\" data-editor=\"8nffj\" data-offset-key=\"9brg2-0-0\">\n<div class=\"_1mf _1mj\" data-offset-key=\"9brg2-0-0\"><span data-offset-key=\"9brg2-0-0\">\ud83d\udc49 Se videon och f\u00e5 en inblick i f\u00f6rberedelserna bakom kulisserna:<\/span><\/div>\n<div data-offset-key=\"9brg2-0-0\"><\/div>\n<div data-offset-key=\"9brg2-0-0\"><\/div>\n<\/div>\n<div data-offset-key=\"9brg2-0-0\">\n<p><iframe title=\"Se video: Vi rustar f\u00f6r Almedalsveckan\" width=\"800\" height=\"450\" src=\"https:\/\/www.youtube.com\/embed\/I0440UOSbNI?feature=oembed\" frameborder=\"0\" allow=\"accelerometer; autoplay; clipboard-write; encrypted-media; gyroscope; picture-in-picture; web-share\" referrerpolicy=\"strict-origin-when-cross-origin\" allowfullscreen><\/iframe><\/p>\n<\/div>\n<div class=\"\" data-block=\"true\" data-editor=\"8nffj\" data-offset-key=\"c2qo4-0-0\">\n<div class=\"_1mf _1mj\" data-offset-key=\"c2qo4-0-0\"><span data-offset-key=\"c2qo4-0-0\">\u00a0<\/span><\/div>\n<\/div>\n<div class=\"\" data-block=\"true\" data-editor=\"8nffj\" data-offset-key=\"30m3i-0-0\">\n<div class=\"_1mf _1mj\" data-offset-key=\"30m3i-0-0\"><\/div>\n<\/div>\n","protected":false},"excerpt":{"rendered":"<p>Almedalsveckan n\u00e4rmar sig och just nu bubblar det av aktivitet h\u00e4r i Visby. Scener, t\u00e4lt och montrar v\u00e4xer fram i rekordfart, men bakom kulisserna sker n\u00e5got du kanske inte visste om\u2026 V\u00e5ra medarbetare jobbar f\u00f6r fullt med att s\u00e4tta upp tillf\u00e4lliga elanslutningar, s\u00e5 att Almedalsveckans alla evenemang f\u00e5r str\u00f6m till ljud, ljus, teknik och mycket [&hellip;]<\/p>\n","protected":false},"author":11,"featured_media":103805,"comment_status":"closed","ping_status":"closed","sticky":false,"template":"","format":"standard","meta":{"_seopress_robots_primary_cat":"none","_seopress_titles_title":"","_seopress_titles_desc":"","_seopress_robots_index":"","footnotes":""},"categories":[39],"tags":[],"class_list":["post-103829","post","type-post","status-publish","format-standard","has-post-thumbnail","hentry","category-nyheter-elnat"],"_links":{"self":[{"href":"https:\/\/geab.se\/elnat\/wp-json\/wp\/v2\/posts\/103829","targetHints":{"allow":["GET"]}}],"collection":[{"href":"https:\/\/geab.se\/elnat\/wp-json\/wp\/v2\/posts"}],"about":[{"href":"https:\/\/geab.se\/elnat\/wp-json\/wp\/v2\/types\/post"}],"author":[{"embeddable":true,"href":"https:\/\/geab.se\/elnat\/wp-json\/wp\/v2\/users\/11"}],"replies":[{"embeddable":true,"href":"https:\/\/geab.se\/elnat\/wp-json\/wp\/v2\/comments?post=103829"}],"version-history":[{"count":1,"href":"https:\/\/geab.se\/elnat\/wp-json\/wp\/v2\/posts\/103829\/revisions"}],"predecessor-version":[{"id":103832,"href":"https:\/\/geab.se\/elnat\/wp-json\/wp\/v2\/posts\/103829\/revisions\/103832"}],"wp:featuredmedia":[{"embeddable":true,"href":"https:\/\/geab.se\/elnat\/wp-json\/wp\/v2\/media\/103805"}],"wp:attachment":[{"href":"https:\/\/geab.se\/elnat\/wp-json\/wp\/v2\/media?parent=103829"}],"wp:term":[{"taxonomy":"category","embeddable":true,"href":"https:\/\/geab.se\/elnat\/wp-json\/wp\/v2\/categories?post=103829"},{"taxonomy":"post_tag","embeddable":true,"href":"https:\/\/geab.se\/elnat\/wp-json\/wp\/v2\/tags?post=103829"}],"curies":[{"name":"wp","href":"https:\/\/api.w.org\/{rel}","templated":true}]}}