{"id":103810,"date":"2025-06-23T12:22:38","date_gmt":"2025-06-23T10:22:38","guid":{"rendered":"https:\/\/geab.se\/elnat\/?p=103810"},"modified":"2025-06-23T14:15:38","modified_gmt":"2025-06-23T12:15:38","slug":"transformator-gotlands-elnat","status":"publish","type":"post","link":"https:\/\/geab.se\/elnat\/transformator-gotlands-elnat\/","title":{"rendered":"Transformator f\u00f6r Gotlands eln\u00e4t snart i hamn"},"content":{"rendered":"<h3><strong>En transformator som m\u00e4ter 7,5 meter i l\u00e4ngd, 4 meter i h\u00f6jd och v\u00e4ger 72 ton, anl\u00e4nder till Visby hamn i midsommarhelgen och kommer d\u00e4refter att transporteras till Vattenfall Eldistributions regionn\u00e4tstation i Ygne. Transformatorn spelar en viktig roll i uppgraderingen av stationen och kommer att bidra till ett fortsatt stabilt eln\u00e4t p\u00e5 Gotland.\u00a0<\/strong><\/h3>\n<p>Transformatorn har tillverkats i Kroatien och\u00a0fraktats genom Europa till Oskarshamn, f\u00f6r vidare transport till Visby hamn dit den anl\u00e4nder under midsommarhelgen. Transformatorn kommer d\u00e4refter att transporteras med lastbilstrailer till Ygne. Trots sin imponerande storlek kommer transporten inte att p\u00e5verka trafiken och kr\u00e4ver inga s\u00e4rskilda \u00e5tg\u00e4rder utmed v\u00e4gen.<\/p>\n<p>Transformatorn ska installeras f\u00f6r att f\u00f6rst\u00e4rka regionn\u00e4tstationen och d\u00e4rmed Gotlands eln\u00e4t.<\/p>\n<p>\u2012 Den nya transformatorn \u00e4r en viktig del i att s\u00e4kerst\u00e4lla en p\u00e5litlig elf\u00f6rs\u00f6rjning. Genom att uppgradera v\u00e5r station i Ygne kan vi s\u00e4kra en fortsatt stabil elleverans till Gotland, s\u00e4ger \u00c5ke Frank, projektledare p\u00e5 Vattenfall Eldistribution AB.<\/p>\n<p>Projektet \u00e4r en del av Vattenfall Eldistributions planerade underh\u00e5ll som omfattar en l\u00f6pande uppdatering av regionn\u00e4tstationen f\u00f6r en trygg elf\u00f6rs\u00f6rjning till \u00f6n.<\/p>\n<p>Tidigare i \u00e5r kompletterades regionn\u00e4tstationen med en synkronkompensator som stabiliserar och f\u00f6rst\u00e4rker eln\u00e4tet p\u00e5 Gotland. Den nya transformatorn \u00e4r ett komplement till synkronkompensatorn och har som uppgift att transformera ner sp\u00e4nningen till lokaln\u00e4tet p\u00e5 \u00f6n. Drifts\u00e4ttningen av transformatorn \u00e4r planerad till \u00e5rsskiftet.<\/p>\n<p>Regionn\u00e4tstationen i Ygne \u00e4r ansluten till fastlandet via tv\u00e5 HVDC-kablar och f\u00f6rser Gotland med el.<\/p>\n<div id='gallery-1' class='gallery galleryid-103810 gallery-columns-3 gallery-size-full'><figure class='gallery-item'>\n\t\t\t<div class='gallery-icon landscape'>\n\t\t\t\t<a href='https:\/\/geab.se\/elnat\/transformator-gotlands-elnat\/transformator-4\/'><img fetchpriority=\"high\" decoding=\"async\" width=\"2524\" height=\"2000\" src=\"https:\/\/geab.se\/elnat\/wp-content\/uploads\/sites\/3\/2025\/06\/Transformator-4.jpg\" class=\"attachment-full size-full\" alt=\"Transformator till Gotlands eln\u00e4t rullar av gotlandsb\u00e5ten.\" srcset=\"https:\/\/geab.se\/elnat\/wp-content\/uploads\/sites\/3\/2025\/06\/Transformator-4.jpg 2524w, https:\/\/geab.se\/elnat\/wp-content\/uploads\/sites\/3\/2025\/06\/Transformator-4-379x300.jpg 379w, https:\/\/geab.se\/elnat\/wp-content\/uploads\/sites\/3\/2025\/06\/Transformator-4-757x600.jpg 757w, https:\/\/geab.se\/elnat\/wp-content\/uploads\/sites\/3\/2025\/06\/Transformator-4-1536x1217.jpg 1536w, https:\/\/geab.se\/elnat\/wp-content\/uploads\/sites\/3\/2025\/06\/Transformator-4-2048x1623.jpg 2048w\" sizes=\"(max-width: 2524px) 100vw, 2524px\" \/><\/a>\n\t\t\t<\/div><\/figure><figure class='gallery-item'>\n\t\t\t<div class='gallery-icon landscape'>\n\t\t\t\t<a href='https:\/\/geab.se\/elnat\/transformator-gotlands-elnat\/transformator-2\/'><img decoding=\"async\" width=\"2560\" height=\"1678\" src=\"https:\/\/geab.se\/elnat\/wp-content\/uploads\/sites\/3\/2025\/06\/Transformator-2-scaled.jpg\" class=\"attachment-full size-full\" alt=\"Vinkande chauff\u00f6r till transformatorn.\" srcset=\"https:\/\/geab.se\/elnat\/wp-content\/uploads\/sites\/3\/2025\/06\/Transformator-2-scaled.jpg 2560w, https:\/\/geab.se\/elnat\/wp-content\/uploads\/sites\/3\/2025\/06\/Transformator-2-458x300.jpg 458w, https:\/\/geab.se\/elnat\/wp-content\/uploads\/sites\/3\/2025\/06\/Transformator-2-916x600.jpg 916w, https:\/\/geab.se\/elnat\/wp-content\/uploads\/sites\/3\/2025\/06\/Transformator-2-1536x1007.jpg 1536w, https:\/\/geab.se\/elnat\/wp-content\/uploads\/sites\/3\/2025\/06\/Transformator-2-2048x1342.jpg 2048w\" sizes=\"(max-width: 2560px) 100vw, 2560px\" \/><\/a>\n\t\t\t<\/div><\/figure><figure class='gallery-item'>\n\t\t\t<div class='gallery-icon landscape'>\n\t\t\t\t<a href='https:\/\/geab.se\/elnat\/transformator-gotlands-elnat\/transformator\/'><img decoding=\"async\" width=\"2560\" height=\"1707\" src=\"https:\/\/geab.se\/elnat\/wp-content\/uploads\/sites\/3\/2025\/06\/Transformator-scaled.jpg\" class=\"attachment-full size-full\" alt=\"Transformator p\u00e5 lastbil i Visby hamn till det Gotl\u00e4ndska eln\u00e4tet.\" srcset=\"https:\/\/geab.se\/elnat\/wp-content\/uploads\/sites\/3\/2025\/06\/Transformator-scaled.jpg 2560w, https:\/\/geab.se\/elnat\/wp-content\/uploads\/sites\/3\/2025\/06\/Transformator-450x300.jpg 450w, https:\/\/geab.se\/elnat\/wp-content\/uploads\/sites\/3\/2025\/06\/Transformator-900x600.jpg 900w, https:\/\/geab.se\/elnat\/wp-content\/uploads\/sites\/3\/2025\/06\/Transformator-1536x1024.jpg 1536w, https:\/\/geab.se\/elnat\/wp-content\/uploads\/sites\/3\/2025\/06\/Transformator-2048x1366.jpg 2048w\" sizes=\"(max-width: 2560px) 100vw, 2560px\" \/><\/a>\n\t\t\t<\/div><\/figure>\n\t\t<\/div>\n\n","protected":false},"excerpt":{"rendered":"<p>En transformator som m\u00e4ter 7,5 meter i l\u00e4ngd, 4 meter i h\u00f6jd och v\u00e4ger 72 ton, anl\u00e4nder till Visby hamn i midsommarhelgen och kommer d\u00e4refter att transporteras till Vattenfall Eldistributions regionn\u00e4tstation i Ygne. Transformatorn spelar en viktig roll i uppgraderingen av stationen och kommer att bidra till ett fortsatt stabilt eln\u00e4t p\u00e5 Gotland.\u00a0 Transformatorn har [&hellip;]<\/p>\n","protected":false},"author":11,"featured_media":103856,"comment_status":"closed","ping_status":"closed","sticky":false,"template":"","format":"standard","meta":{"_seopress_robots_primary_cat":"none","_seopress_titles_title":"","_seopress_titles_desc":"","_seopress_robots_index":"","footnotes":""},"categories":[39],"tags":[],"class_list":["post-103810","post","type-post","status-publish","format-standard","has-post-thumbnail","hentry","category-nyheter-elnat"],"_links":{"self":[{"href":"https:\/\/geab.se\/elnat\/wp-json\/wp\/v2\/posts\/103810","targetHints":{"allow":["GET"]}}],"collection":[{"href":"https:\/\/geab.se\/elnat\/wp-json\/wp\/v2\/posts"}],"about":[{"href":"https:\/\/geab.se\/elnat\/wp-json\/wp\/v2\/types\/post"}],"author":[{"embeddable":true,"href":"https:\/\/geab.se\/elnat\/wp-json\/wp\/v2\/users\/11"}],"replies":[{"embeddable":true,"href":"https:\/\/geab.se\/elnat\/wp-json\/wp\/v2\/comments?post=103810"}],"version-history":[{"count":9,"href":"https:\/\/geab.se\/elnat\/wp-json\/wp\/v2\/posts\/103810\/revisions"}],"predecessor-version":[{"id":103907,"href":"https:\/\/geab.se\/elnat\/wp-json\/wp\/v2\/posts\/103810\/revisions\/103907"}],"wp:featuredmedia":[{"embeddable":true,"href":"https:\/\/geab.se\/elnat\/wp-json\/wp\/v2\/media\/103856"}],"wp:attachment":[{"href":"https:\/\/geab.se\/elnat\/wp-json\/wp\/v2\/media?parent=103810"}],"wp:term":[{"taxonomy":"category","embeddable":true,"href":"https:\/\/geab.se\/elnat\/wp-json\/wp\/v2\/categories?post=103810"},{"taxonomy":"post_tag","embeddable":true,"href":"https:\/\/geab.se\/elnat\/wp-json\/wp\/v2\/tags?post=103810"}],"curies":[{"name":"wp","href":"https:\/\/api.w.org\/{rel}","templated":true}]}}