{"id":103777,"date":"2025-06-23T11:58:50","date_gmt":"2025-06-23T09:58:50","guid":{"rendered":"https:\/\/geab.se\/elnat\/?p=103777"},"modified":"2025-06-23T15:46:30","modified_gmt":"2025-06-23T13:46:30","slug":"fototavling-kabelskap-vinnarna-presenteras-den-23-juni","status":"publish","type":"post","link":"https:\/\/geab.se\/elnat\/fototavling-kabelskap-vinnarna-presenteras-den-23-juni\/","title":{"rendered":"Fotot\u00e4vling kabelsk\u00e5p &#8211; h\u00e4r \u00e4r vinnarbilderna"},"content":{"rendered":"<h3><strong>Nu st\u00e5r det klart vilka bilder som ska pryda 33 kabelsk\u00e5p runt om p\u00e5 Gotland. Idag den 23 juni presenterar Gotlands Eln\u00e4t resultatet av den unika fotot\u00e4vlingen som engagerat hela \u00f6n.<\/strong><\/h3>\n<p>\u2013 Intresset har varit \u00f6ver all f\u00f6rv\u00e4ntan. Det har verkligen varit en utmaning att v\u00e4lja ut 33 vinnare bland alla fantastiska bidrag, s\u00e4ger Kalle Blomberg, vd f\u00f6r Gotlands Eln\u00e4t.<\/p>\n<p><strong>1 100 bilder \u2013 33 vinnare<\/strong><\/p>\n<p>Det var i b\u00f6rjan av \u00e5ret som Gotlands Eln\u00e4t bj\u00f6d in alla gotl\u00e4nningar till en fotot\u00e4vling d\u00e4r man efterlyste energifyllda bilder. N\u00e4stan 1 100 bilder fr\u00e5n 280 deltagare skickades in till t\u00e4vlingen. Av dessa har 33 bidrag valts ut som kommer att pryda kabelsk\u00e5p i Burgsvik, F\u00e5r\u00f6sund, Hemse, Klintehamn, Slite och Visby \u2013 fr\u00e5n sommaren 2025 och ett \u00e5r fram\u00e5t.<\/p>\n<p>\u2013 Vi har verkligen blivit \u00f6versk\u00f6ljda av bilder fyllda av gl\u00e4dje och energi. Vi \u00e4r \u00f6vertygade om att bilderna kommer att bidra till att s\u00e4tta f\u00e4rg och skapa lokal stolthet i det offentliga rummet, s\u00e4ger Thomas Zielinski, kommunikationsansvarig.<\/p>\n<p><strong>T\u00e5rtkalas f\u00f6r vinnarna<\/strong><\/p>\n<p>F\u00f6r att uppm\u00e4rksamma vinnarna bj\u00f6d Geab in till ett festligt t\u00e5rtkalas i S:ta Karins ruin i Visby den 23 juni. Under firandet offentligg\u00f6rs vinnarna och en rundvandring arrangeras d\u00e4r n\u00e5gra av de dekorerade kabelsk\u00e5pen visas upp.<\/p>\n<p>&nbsp;<\/p>\n<h3><strong>\ud83d\udfe1 <a href=\"https:\/\/geab.se\/elnat\/fototavling\/\">Se alla vinnande bidrag h\u00e4r<\/a><\/strong><\/h3>\n<p>&nbsp;<\/p>\n<div id='gallery-1' class='gallery galleryid-103777 gallery-columns-3 gallery-size-large'><figure class='gallery-item'>\n\t\t\t<div class='gallery-icon portrait'>\n\t\t\t\t<a href='https:\/\/geab.se\/elnat\/fototavling-kabelskap-vinnarna-presenteras-den-23-juni\/invigning_23_juni-28\/'><img fetchpriority=\"high\" decoding=\"async\" width=\"400\" height=\"600\" src=\"https:\/\/geab.se\/elnat\/wp-content\/uploads\/sites\/3\/2025\/06\/Invigning_23_juni-28-400x600.jpg\" class=\"attachment-large size-large\" alt=\"Tv\u00e5 personer vid ett nyinvigt kabelsk\u00e5p.\" srcset=\"https:\/\/geab.se\/elnat\/wp-content\/uploads\/sites\/3\/2025\/06\/Invigning_23_juni-28-400x600.jpg 400w, https:\/\/geab.se\/elnat\/wp-content\/uploads\/sites\/3\/2025\/06\/Invigning_23_juni-28-200x300.jpg 200w, https:\/\/geab.se\/elnat\/wp-content\/uploads\/sites\/3\/2025\/06\/Invigning_23_juni-28-1024x1536.jpg 1024w, https:\/\/geab.se\/elnat\/wp-content\/uploads\/sites\/3\/2025\/06\/Invigning_23_juni-28-1365x2048.jpg 1365w, https:\/\/geab.se\/elnat\/wp-content\/uploads\/sites\/3\/2025\/06\/Invigning_23_juni-28-scaled.jpg 1707w\" sizes=\"(max-width: 400px) 100vw, 400px\" \/><\/a>\n\t\t\t<\/div><\/figure><figure class='gallery-item'>\n\t\t\t<div class='gallery-icon portrait'>\n\t\t\t\t<a href='https:\/\/geab.se\/elnat\/fototavling-kabelskap-vinnarna-presenteras-den-23-juni\/invigning_23_juni-5\/'><img decoding=\"async\" width=\"400\" height=\"600\" src=\"https:\/\/geab.se\/elnat\/wp-content\/uploads\/sites\/3\/2025\/06\/Invigning_23_juni-5-400x600.jpg\" class=\"attachment-large size-large\" alt=\"Personer som kollar p\u00e5 vinnarbilder fr\u00e5n fotot\u00e4vlingen.\" srcset=\"https:\/\/geab.se\/elnat\/wp-content\/uploads\/sites\/3\/2025\/06\/Invigning_23_juni-5-400x600.jpg 400w, https:\/\/geab.se\/elnat\/wp-content\/uploads\/sites\/3\/2025\/06\/Invigning_23_juni-5-200x300.jpg 200w, https:\/\/geab.se\/elnat\/wp-content\/uploads\/sites\/3\/2025\/06\/Invigning_23_juni-5-1024x1536.jpg 1024w, https:\/\/geab.se\/elnat\/wp-content\/uploads\/sites\/3\/2025\/06\/Invigning_23_juni-5-1365x2048.jpg 1365w, https:\/\/geab.se\/elnat\/wp-content\/uploads\/sites\/3\/2025\/06\/Invigning_23_juni-5-scaled.jpg 1707w\" sizes=\"(max-width: 400px) 100vw, 400px\" \/><\/a>\n\t\t\t<\/div><\/figure><figure class='gallery-item'>\n\t\t\t<div class='gallery-icon portrait'>\n\t\t\t\t<a href='https:\/\/geab.se\/elnat\/fototavling-kabelskap-vinnarna-presenteras-den-23-juni\/invigning_23_juni-8\/'><img decoding=\"async\" width=\"400\" height=\"600\" src=\"https:\/\/geab.se\/elnat\/wp-content\/uploads\/sites\/3\/2025\/06\/Invigning_23_juni-8-400x600.jpg\" class=\"attachment-large size-large\" alt=\"Tv\u00e5 personer som kollar bland de olika vinnarbilderna fr\u00e5n fotot\u00e4vlingen.\" srcset=\"https:\/\/geab.se\/elnat\/wp-content\/uploads\/sites\/3\/2025\/06\/Invigning_23_juni-8-400x600.jpg 400w, https:\/\/geab.se\/elnat\/wp-content\/uploads\/sites\/3\/2025\/06\/Invigning_23_juni-8-200x300.jpg 200w, https:\/\/geab.se\/elnat\/wp-content\/uploads\/sites\/3\/2025\/06\/Invigning_23_juni-8-1024x1536.jpg 1024w, https:\/\/geab.se\/elnat\/wp-content\/uploads\/sites\/3\/2025\/06\/Invigning_23_juni-8-1365x2048.jpg 1365w, https:\/\/geab.se\/elnat\/wp-content\/uploads\/sites\/3\/2025\/06\/Invigning_23_juni-8-scaled.jpg 1707w\" sizes=\"(max-width: 400px) 100vw, 400px\" \/><\/a>\n\t\t\t<\/div><\/figure><figure class='gallery-item'>\n\t\t\t<div class='gallery-icon portrait'>\n\t\t\t\t<a href='https:\/\/geab.se\/elnat\/fototavling-kabelskap-vinnarna-presenteras-den-23-juni\/invigning_23_juni-3\/'><img loading=\"lazy\" decoding=\"async\" width=\"400\" height=\"600\" src=\"https:\/\/geab.se\/elnat\/wp-content\/uploads\/sites\/3\/2025\/06\/Invigning_23_juni-3-400x600.jpg\" class=\"attachment-large size-large\" alt=\"Personer som har en dialog om de vinnande bilderna fr\u00e5n fotot\u00e4vlingen.\" srcset=\"https:\/\/geab.se\/elnat\/wp-content\/uploads\/sites\/3\/2025\/06\/Invigning_23_juni-3-400x600.jpg 400w, https:\/\/geab.se\/elnat\/wp-content\/uploads\/sites\/3\/2025\/06\/Invigning_23_juni-3-200x300.jpg 200w, https:\/\/geab.se\/elnat\/wp-content\/uploads\/sites\/3\/2025\/06\/Invigning_23_juni-3-1024x1536.jpg 1024w, https:\/\/geab.se\/elnat\/wp-content\/uploads\/sites\/3\/2025\/06\/Invigning_23_juni-3-1365x2048.jpg 1365w, https:\/\/geab.se\/elnat\/wp-content\/uploads\/sites\/3\/2025\/06\/Invigning_23_juni-3-scaled.jpg 1707w\" sizes=\"(max-width: 400px) 100vw, 400px\" \/><\/a>\n\t\t\t<\/div><\/figure><figure class='gallery-item'>\n\t\t\t<div class='gallery-icon portrait'>\n\t\t\t\t<a href='https:\/\/geab.se\/elnat\/fototavling-kabelskap-vinnarna-presenteras-den-23-juni\/invigning_23_juni-6\/'><img loading=\"lazy\" decoding=\"async\" width=\"400\" height=\"600\" src=\"https:\/\/geab.se\/elnat\/wp-content\/uploads\/sites\/3\/2025\/06\/Invigning_23_juni-6-400x600.jpg\" class=\"attachment-large size-large\" alt=\"M\u00e5nga som samlats f\u00f6r att kolla p\u00e5 vinnarbilderna fr\u00e5n fotot\u00e4vlingen.\" srcset=\"https:\/\/geab.se\/elnat\/wp-content\/uploads\/sites\/3\/2025\/06\/Invigning_23_juni-6-400x600.jpg 400w, https:\/\/geab.se\/elnat\/wp-content\/uploads\/sites\/3\/2025\/06\/Invigning_23_juni-6-200x300.jpg 200w, https:\/\/geab.se\/elnat\/wp-content\/uploads\/sites\/3\/2025\/06\/Invigning_23_juni-6-1024x1536.jpg 1024w, https:\/\/geab.se\/elnat\/wp-content\/uploads\/sites\/3\/2025\/06\/Invigning_23_juni-6-1365x2048.jpg 1365w, https:\/\/geab.se\/elnat\/wp-content\/uploads\/sites\/3\/2025\/06\/Invigning_23_juni-6-scaled.jpg 1707w\" sizes=\"(max-width: 400px) 100vw, 400px\" \/><\/a>\n\t\t\t<\/div><\/figure><figure class='gallery-item'>\n\t\t\t<div class='gallery-icon portrait'>\n\t\t\t\t<a href='https:\/\/geab.se\/elnat\/fototavling-kabelskap-vinnarna-presenteras-den-23-juni\/invigning_23_juni-14\/'><img loading=\"lazy\" decoding=\"async\" width=\"400\" height=\"600\" src=\"https:\/\/geab.se\/elnat\/wp-content\/uploads\/sites\/3\/2025\/06\/Invigning_23_juni-14-400x600.jpg\" class=\"attachment-large size-large\" alt=\"Personer som tar fika under invigningen av nya kabelsk\u00e5psbilderna.\" srcset=\"https:\/\/geab.se\/elnat\/wp-content\/uploads\/sites\/3\/2025\/06\/Invigning_23_juni-14-400x600.jpg 400w, https:\/\/geab.se\/elnat\/wp-content\/uploads\/sites\/3\/2025\/06\/Invigning_23_juni-14-200x300.jpg 200w, https:\/\/geab.se\/elnat\/wp-content\/uploads\/sites\/3\/2025\/06\/Invigning_23_juni-14-1024x1536.jpg 1024w, https:\/\/geab.se\/elnat\/wp-content\/uploads\/sites\/3\/2025\/06\/Invigning_23_juni-14-1365x2048.jpg 1365w, https:\/\/geab.se\/elnat\/wp-content\/uploads\/sites\/3\/2025\/06\/Invigning_23_juni-14-scaled.jpg 1707w\" sizes=\"(max-width: 400px) 100vw, 400px\" \/><\/a>\n\t\t\t<\/div><\/figure><figure class='gallery-item'>\n\t\t\t<div class='gallery-icon portrait'>\n\t\t\t\t<a href='https:\/\/geab.se\/elnat\/fototavling-kabelskap-vinnarna-presenteras-den-23-juni\/invigning_23_juni-22\/'><img loading=\"lazy\" decoding=\"async\" width=\"400\" height=\"600\" src=\"https:\/\/geab.se\/elnat\/wp-content\/uploads\/sites\/3\/2025\/06\/Invigning_23_juni-22-400x600.jpg\" class=\"attachment-large size-large\" alt=\"Intervju under invigningen av kabelsk\u00e5pens bilder.\" srcset=\"https:\/\/geab.se\/elnat\/wp-content\/uploads\/sites\/3\/2025\/06\/Invigning_23_juni-22-400x600.jpg 400w, https:\/\/geab.se\/elnat\/wp-content\/uploads\/sites\/3\/2025\/06\/Invigning_23_juni-22-200x300.jpg 200w, https:\/\/geab.se\/elnat\/wp-content\/uploads\/sites\/3\/2025\/06\/Invigning_23_juni-22-1024x1536.jpg 1024w, https:\/\/geab.se\/elnat\/wp-content\/uploads\/sites\/3\/2025\/06\/Invigning_23_juni-22-1365x2048.jpg 1365w, https:\/\/geab.se\/elnat\/wp-content\/uploads\/sites\/3\/2025\/06\/Invigning_23_juni-22-scaled.jpg 1707w\" sizes=\"(max-width: 400px) 100vw, 400px\" \/><\/a>\n\t\t\t<\/div><\/figure><figure class='gallery-item'>\n\t\t\t<div class='gallery-icon portrait'>\n\t\t\t\t<a href='https:\/\/geab.se\/elnat\/fototavling-kabelskap-vinnarna-presenteras-den-23-juni\/invigning_23_juni-24\/'><img loading=\"lazy\" decoding=\"async\" width=\"400\" height=\"600\" src=\"https:\/\/geab.se\/elnat\/wp-content\/uploads\/sites\/3\/2025\/06\/Invigning_23_juni-24-400x600.jpg\" class=\"attachment-large size-large\" alt=\"Sex personer utanf\u00f6r S:ta Karins kyrkoruin under invigningen av nya kabelsk\u00e5pen.\" srcset=\"https:\/\/geab.se\/elnat\/wp-content\/uploads\/sites\/3\/2025\/06\/Invigning_23_juni-24-400x600.jpg 400w, https:\/\/geab.se\/elnat\/wp-content\/uploads\/sites\/3\/2025\/06\/Invigning_23_juni-24-200x300.jpg 200w, https:\/\/geab.se\/elnat\/wp-content\/uploads\/sites\/3\/2025\/06\/Invigning_23_juni-24-1024x1536.jpg 1024w, https:\/\/geab.se\/elnat\/wp-content\/uploads\/sites\/3\/2025\/06\/Invigning_23_juni-24-1365x2048.jpg 1365w, https:\/\/geab.se\/elnat\/wp-content\/uploads\/sites\/3\/2025\/06\/Invigning_23_juni-24-scaled.jpg 1707w\" sizes=\"(max-width: 400px) 100vw, 400px\" \/><\/a>\n\t\t\t<\/div><\/figure><figure class='gallery-item'>\n\t\t\t<div class='gallery-icon portrait'>\n\t\t\t\t<a href='https:\/\/geab.se\/elnat\/fototavling-kabelskap-vinnarna-presenteras-den-23-juni\/invigning_23_juni-31\/'><img loading=\"lazy\" decoding=\"async\" width=\"400\" height=\"600\" src=\"https:\/\/geab.se\/elnat\/wp-content\/uploads\/sites\/3\/2025\/06\/Invigning_23_juni-31-400x600.jpg\" class=\"attachment-large size-large\" alt=\"Medarbetare som \u00e4r med p\u00e5 invigningen av kabelsk\u00e5pens bilder.\" srcset=\"https:\/\/geab.se\/elnat\/wp-content\/uploads\/sites\/3\/2025\/06\/Invigning_23_juni-31-400x600.jpg 400w, https:\/\/geab.se\/elnat\/wp-content\/uploads\/sites\/3\/2025\/06\/Invigning_23_juni-31-200x300.jpg 200w, https:\/\/geab.se\/elnat\/wp-content\/uploads\/sites\/3\/2025\/06\/Invigning_23_juni-31-1024x1536.jpg 1024w, https:\/\/geab.se\/elnat\/wp-content\/uploads\/sites\/3\/2025\/06\/Invigning_23_juni-31-1365x2048.jpg 1365w, https:\/\/geab.se\/elnat\/wp-content\/uploads\/sites\/3\/2025\/06\/Invigning_23_juni-31-scaled.jpg 1707w\" sizes=\"(max-width: 400px) 100vw, 400px\" \/><\/a>\n\t\t\t<\/div><\/figure><figure class='gallery-item'>\n\t\t\t<div class='gallery-icon portrait'>\n\t\t\t\t<a href='https:\/\/geab.se\/elnat\/fototavling-kabelskap-vinnarna-presenteras-den-23-juni\/kabelskapsbild-1\/'><img loading=\"lazy\" decoding=\"async\" width=\"400\" height=\"600\" src=\"https:\/\/geab.se\/elnat\/wp-content\/uploads\/sites\/3\/2025\/06\/Kabelskapsbild-1-400x600.jpg\" class=\"attachment-large size-large\" alt=\"Ett kabelsk\u00e5p med en av de nya bilderna.\" srcset=\"https:\/\/geab.se\/elnat\/wp-content\/uploads\/sites\/3\/2025\/06\/Kabelskapsbild-1-400x600.jpg 400w, https:\/\/geab.se\/elnat\/wp-content\/uploads\/sites\/3\/2025\/06\/Kabelskapsbild-1-200x300.jpg 200w, https:\/\/geab.se\/elnat\/wp-content\/uploads\/sites\/3\/2025\/06\/Kabelskapsbild-1-1024x1536.jpg 1024w, https:\/\/geab.se\/elnat\/wp-content\/uploads\/sites\/3\/2025\/06\/Kabelskapsbild-1-1365x2048.jpg 1365w, https:\/\/geab.se\/elnat\/wp-content\/uploads\/sites\/3\/2025\/06\/Kabelskapsbild-1-scaled.jpg 1707w\" sizes=\"(max-width: 400px) 100vw, 400px\" \/><\/a>\n\t\t\t<\/div><\/figure>\n\t\t<\/div>\n\n<p>&nbsp;<\/p>\n","protected":false},"excerpt":{"rendered":"<p>Nu st\u00e5r det klart vilka bilder som ska pryda 33 kabelsk\u00e5p runt om p\u00e5 Gotland. Idag den 23 juni presenterar Gotlands Eln\u00e4t resultatet av den unika fotot\u00e4vlingen som engagerat hela \u00f6n. \u2013 Intresset har varit \u00f6ver all f\u00f6rv\u00e4ntan. Det har verkligen varit en utmaning att v\u00e4lja ut 33 vinnare bland alla fantastiska bidrag, s\u00e4ger Kalle [&hellip;]<\/p>\n","protected":false},"author":11,"featured_media":103866,"comment_status":"closed","ping_status":"closed","sticky":false,"template":"","format":"standard","meta":{"_seopress_robots_primary_cat":"none","_seopress_titles_title":"","_seopress_titles_desc":"","_seopress_robots_index":"","footnotes":""},"categories":[39],"tags":[],"class_list":["post-103777","post","type-post","status-publish","format-standard","has-post-thumbnail","hentry","category-nyheter-elnat"],"_links":{"self":[{"href":"https:\/\/geab.se\/elnat\/wp-json\/wp\/v2\/posts\/103777","targetHints":{"allow":["GET"]}}],"collection":[{"href":"https:\/\/geab.se\/elnat\/wp-json\/wp\/v2\/posts"}],"about":[{"href":"https:\/\/geab.se\/elnat\/wp-json\/wp\/v2\/types\/post"}],"author":[{"embeddable":true,"href":"https:\/\/geab.se\/elnat\/wp-json\/wp\/v2\/users\/11"}],"replies":[{"embeddable":true,"href":"https:\/\/geab.se\/elnat\/wp-json\/wp\/v2\/comments?post=103777"}],"version-history":[{"count":11,"href":"https:\/\/geab.se\/elnat\/wp-json\/wp\/v2\/posts\/103777\/revisions"}],"predecessor-version":[{"id":103921,"href":"https:\/\/geab.se\/elnat\/wp-json\/wp\/v2\/posts\/103777\/revisions\/103921"}],"wp:featuredmedia":[{"embeddable":true,"href":"https:\/\/geab.se\/elnat\/wp-json\/wp\/v2\/media\/103866"}],"wp:attachment":[{"href":"https:\/\/geab.se\/elnat\/wp-json\/wp\/v2\/media?parent=103777"}],"wp:term":[{"taxonomy":"category","embeddable":true,"href":"https:\/\/geab.se\/elnat\/wp-json\/wp\/v2\/categories?post=103777"},{"taxonomy":"post_tag","embeddable":true,"href":"https:\/\/geab.se\/elnat\/wp-json\/wp\/v2\/tags?post=103777"}],"curies":[{"name":"wp","href":"https:\/\/api.w.org\/{rel}","templated":true}]}}