{"id":103603,"date":"2025-06-02T16:10:04","date_gmt":"2025-06-02T14:10:04","guid":{"rendered":"https:\/\/geab.se\/elnat\/?p=103603"},"modified":"2025-06-02T16:19:09","modified_gmt":"2025-06-02T14:19:09","slug":"storsta-elnatsutbyggnad-50-ar","status":"publish","type":"post","link":"https:\/\/geab.se\/elnat\/storsta-elnatsutbyggnad-50-ar\/","title":{"rendered":"F\u00f6rsta spadtaget f\u00f6r Gotlands st\u00f6rsta eln\u00e4tsutbyggnad p\u00e5 50 \u00e5r"},"content":{"rendered":"<h3>Nu tar Gotlands Eln\u00e4t det f\u00f6rsta spadtaget i arbetet med att f\u00f6rst\u00e4rka och f\u00f6rnya det centrala eln\u00e4tet p\u00e5 Gotland. Satsningen beskrivs som den st\u00f6rsta p\u00e5 50 \u00e5r.<\/h3>\n<p>\u2013 Nu har vi kommit till n\u00e4sta fas i arbetet med att utveckla och f\u00f6rb\u00e4ttra eln\u00e4tet p\u00e5 Gotland. D\u00e4rmed kan vi ta det f\u00f6rsta spadtaget i arbetet med att f\u00f6rst\u00e4rka det centrala eln\u00e4tet p\u00e5 Gotland, s\u00e4ger Gotlands Eln\u00e4ts vd Kalle Blomberg.<\/p>\n<h4>Kapacitet Gotland tar form<\/h4>\n<p>Kapacitet Gotland \u00e4r projektnamnet f\u00f6r arbetet som omfattar ett 40-tal projekt, spridda \u00f6ver hela \u00f6n. Ledningar, stolpar och stationer kommer att bytas och byggas ut. Utbyggnaden \u00e4r en viktig pusselbit f\u00f6r ett fossilfritt liv p\u00e5 Gotland.<br \/>\n\u2013 Satsningen inneb\u00e4r att vi s\u00e4krar en trygg elf\u00f6rs\u00f6rjning f\u00f6r alla gotl\u00e4nningar samtidigt som vi bidrar till energiomst\u00e4llningen och klimatm\u00e5len, s\u00e4ger Kalle Blomberg.<\/p>\n<h4>St\u00e4rkt eln\u00e4t f\u00f6r framtidens behov<\/h4>\n<p>Den \u00f6kade efterfr\u00e5gan p\u00e5 el och en os\u00e4ker omv\u00e4rld st\u00e4ller ocks\u00e5 h\u00f6gre krav p\u00e5 ett robust och stabilt eln\u00e4t.<br \/>\n\u2013 Med en ut\u00f6kad fastlandsf\u00f6rbindelse och st\u00e4rkt kapacitet i v\u00e5ra ledningar m\u00f6jligg\u00f6r vi f\u00f6r fler att ansluta sig till eln\u00e4tet. Utbyggnaden \u00e4r ocks\u00e5 en f\u00f6ruts\u00e4ttning f\u00f6r den fortsatta utvecklingen av Gotland och en viktig del i arbetet med att f\u00f6rst\u00e4rka totalf\u00f6rsvaret, s\u00e4ger Kalle Blomberg.<\/p>\n<p>Investeringarna v\u00e4ntas uppg\u00e5 till cirka 2 miljarder kronor och hela projektet planeras vara klart 2040.<\/p>\n<p>&nbsp;<\/p>\n<div id='gallery-1' class='gallery galleryid-103603 gallery-columns-3 gallery-size-large'><figure class='gallery-item'>\n\t\t\t<div class='gallery-icon landscape'>\n\t\t\t\t<a href='https:\/\/geab.se\/elnat\/storsta-elnatsutbyggnad-50-ar\/img_7362-kopiera-2\/'><img fetchpriority=\"high\" decoding=\"async\" width=\"800\" height=\"533\" src=\"https:\/\/geab.se\/elnat\/wp-content\/uploads\/sites\/3\/2025\/06\/IMG_7362-kopiera-1-900x600.jpg\" class=\"attachment-large size-large\" alt=\"Gotlands landsh\u00f6vding som pratar om Kapacitet Gotland.\" srcset=\"https:\/\/geab.se\/elnat\/wp-content\/uploads\/sites\/3\/2025\/06\/IMG_7362-kopiera-1-900x600.jpg 900w, https:\/\/geab.se\/elnat\/wp-content\/uploads\/sites\/3\/2025\/06\/IMG_7362-kopiera-1-450x300.jpg 450w, https:\/\/geab.se\/elnat\/wp-content\/uploads\/sites\/3\/2025\/06\/IMG_7362-kopiera-1-1536x1024.jpg 1536w, https:\/\/geab.se\/elnat\/wp-content\/uploads\/sites\/3\/2025\/06\/IMG_7362-kopiera-1-2048x1365.jpg 2048w\" sizes=\"(max-width: 800px) 100vw, 800px\" \/><\/a>\n\t\t\t<\/div><\/figure><figure class='gallery-item'>\n\t\t\t<div class='gallery-icon landscape'>\n\t\t\t\t<a href='https:\/\/geab.se\/elnat\/storsta-elnatsutbyggnad-50-ar\/img_7366-2\/'><img decoding=\"async\" width=\"800\" height=\"533\" src=\"https:\/\/geab.se\/elnat\/wp-content\/uploads\/sites\/3\/2025\/06\/IMG_7366-1-900x600.jpg\" class=\"attachment-large size-large\" alt=\"Gotlands eln\u00e4ts VD som presenterar projektet kapacitet Gotland.\" srcset=\"https:\/\/geab.se\/elnat\/wp-content\/uploads\/sites\/3\/2025\/06\/IMG_7366-1-900x600.jpg 900w, https:\/\/geab.se\/elnat\/wp-content\/uploads\/sites\/3\/2025\/06\/IMG_7366-1-450x300.jpg 450w, https:\/\/geab.se\/elnat\/wp-content\/uploads\/sites\/3\/2025\/06\/IMG_7366-1-1536x1024.jpg 1536w, https:\/\/geab.se\/elnat\/wp-content\/uploads\/sites\/3\/2025\/06\/IMG_7366-1-2048x1365.jpg 2048w\" sizes=\"(max-width: 800px) 100vw, 800px\" \/><\/a>\n\t\t\t<\/div><\/figure><figure class='gallery-item'>\n\t\t\t<div class='gallery-icon landscape'>\n\t\t\t\t<a href='https:\/\/geab.se\/elnat\/storsta-elnatsutbyggnad-50-ar\/img_7494\/'><img decoding=\"async\" width=\"800\" height=\"533\" src=\"https:\/\/geab.se\/elnat\/wp-content\/uploads\/sites\/3\/2025\/06\/IMG_7494-900x600.jpg\" class=\"attachment-large size-large\" alt=\"Gotlands eln\u00e4ts VD som blir intervjuad om kapacitet Gotland.\" srcset=\"https:\/\/geab.se\/elnat\/wp-content\/uploads\/sites\/3\/2025\/06\/IMG_7494-900x600.jpg 900w, https:\/\/geab.se\/elnat\/wp-content\/uploads\/sites\/3\/2025\/06\/IMG_7494-450x300.jpg 450w, https:\/\/geab.se\/elnat\/wp-content\/uploads\/sites\/3\/2025\/06\/IMG_7494-1536x1024.jpg 1536w, https:\/\/geab.se\/elnat\/wp-content\/uploads\/sites\/3\/2025\/06\/IMG_7494-2048x1365.jpg 2048w\" sizes=\"(max-width: 800px) 100vw, 800px\" \/><\/a>\n\t\t\t<\/div><\/figure><figure class='gallery-item'>\n\t\t\t<div class='gallery-icon landscape'>\n\t\t\t\t<a href='https:\/\/geab.se\/elnat\/storsta-elnatsutbyggnad-50-ar\/img_7453-kopiera\/'><img loading=\"lazy\" decoding=\"async\" width=\"800\" height=\"533\" src=\"https:\/\/geab.se\/elnat\/wp-content\/uploads\/sites\/3\/2025\/06\/IMG_7453-kopiera-900x600.jpg\" class=\"attachment-large size-large\" alt=\"Gotlands landsh\u00f6vding som blir intervjuad om kapacitet Gotland.\" srcset=\"https:\/\/geab.se\/elnat\/wp-content\/uploads\/sites\/3\/2025\/06\/IMG_7453-kopiera-900x600.jpg 900w, https:\/\/geab.se\/elnat\/wp-content\/uploads\/sites\/3\/2025\/06\/IMG_7453-kopiera-450x300.jpg 450w, https:\/\/geab.se\/elnat\/wp-content\/uploads\/sites\/3\/2025\/06\/IMG_7453-kopiera-1536x1024.jpg 1536w, https:\/\/geab.se\/elnat\/wp-content\/uploads\/sites\/3\/2025\/06\/IMG_7453-kopiera-2048x1365.jpg 2048w\" sizes=\"(max-width: 800px) 100vw, 800px\" \/><\/a>\n\t\t\t<\/div><\/figure><figure class='gallery-item'>\n\t\t\t<div class='gallery-icon landscape'>\n\t\t\t\t<a href='https:\/\/geab.se\/elnat\/storsta-elnatsutbyggnad-50-ar\/img_7425-kopiera\/'><img loading=\"lazy\" decoding=\"async\" width=\"800\" height=\"533\" src=\"https:\/\/geab.se\/elnat\/wp-content\/uploads\/sites\/3\/2025\/06\/IMG_7425-kopiera-900x600.jpg\" class=\"attachment-large size-large\" alt=\"Gotlands Eln\u00e4ts VD och Gotlands landsh\u00f6vding som tar de f\u00f6rsta spadtagen i kapacitet Gotland.\" srcset=\"https:\/\/geab.se\/elnat\/wp-content\/uploads\/sites\/3\/2025\/06\/IMG_7425-kopiera-900x600.jpg 900w, https:\/\/geab.se\/elnat\/wp-content\/uploads\/sites\/3\/2025\/06\/IMG_7425-kopiera-450x300.jpg 450w, https:\/\/geab.se\/elnat\/wp-content\/uploads\/sites\/3\/2025\/06\/IMG_7425-kopiera-1536x1024.jpg 1536w, https:\/\/geab.se\/elnat\/wp-content\/uploads\/sites\/3\/2025\/06\/IMG_7425-kopiera-2048x1365.jpg 2048w\" sizes=\"(max-width: 800px) 100vw, 800px\" \/><\/a>\n\t\t\t<\/div><\/figure><figure class='gallery-item'>\n\t\t\t<div class='gallery-icon landscape'>\n\t\t\t\t<a href='https:\/\/geab.se\/elnat\/storsta-elnatsutbyggnad-50-ar\/img_7429-kopiera-2-2\/'><img loading=\"lazy\" decoding=\"async\" width=\"800\" height=\"533\" src=\"https:\/\/geab.se\/elnat\/wp-content\/uploads\/sites\/3\/2025\/06\/IMG_7429-kopiera-2-1-900x600.jpg\" class=\"attachment-large size-large\" alt=\"Gotlands eln\u00e4ts VD och Gotlands landsh\u00f6vding som tar de f\u00f6rsta spadtagen i kapacitet Gotland.\" srcset=\"https:\/\/geab.se\/elnat\/wp-content\/uploads\/sites\/3\/2025\/06\/IMG_7429-kopiera-2-1-900x600.jpg 900w, https:\/\/geab.se\/elnat\/wp-content\/uploads\/sites\/3\/2025\/06\/IMG_7429-kopiera-2-1-450x300.jpg 450w, https:\/\/geab.se\/elnat\/wp-content\/uploads\/sites\/3\/2025\/06\/IMG_7429-kopiera-2-1-1536x1024.jpg 1536w, https:\/\/geab.se\/elnat\/wp-content\/uploads\/sites\/3\/2025\/06\/IMG_7429-kopiera-2-1-2048x1365.jpg 2048w\" sizes=\"(max-width: 800px) 100vw, 800px\" \/><\/a>\n\t\t\t<\/div><\/figure><figure class='gallery-item'>\n\t\t\t<div class='gallery-icon landscape'>\n\t\t\t\t<a href='https:\/\/geab.se\/elnat\/storsta-elnatsutbyggnad-50-ar\/img_7505-kopiera\/'><img loading=\"lazy\" decoding=\"async\" width=\"800\" height=\"533\" src=\"https:\/\/geab.se\/elnat\/wp-content\/uploads\/sites\/3\/2025\/06\/IMG_7505-kopiera-900x600.jpg\" class=\"attachment-large size-large\" alt=\"Gr\u00e4vmaskin som p\u00e5b\u00f6rjar ett nytt projekt.\" srcset=\"https:\/\/geab.se\/elnat\/wp-content\/uploads\/sites\/3\/2025\/06\/IMG_7505-kopiera-900x600.jpg 900w, https:\/\/geab.se\/elnat\/wp-content\/uploads\/sites\/3\/2025\/06\/IMG_7505-kopiera-450x300.jpg 450w, https:\/\/geab.se\/elnat\/wp-content\/uploads\/sites\/3\/2025\/06\/IMG_7505-kopiera-1536x1024.jpg 1536w, https:\/\/geab.se\/elnat\/wp-content\/uploads\/sites\/3\/2025\/06\/IMG_7505-kopiera-2048x1365.jpg 2048w\" sizes=\"(max-width: 800px) 100vw, 800px\" \/><\/a>\n\t\t\t<\/div><\/figure><figure class='gallery-item'>\n\t\t\t<div class='gallery-icon landscape'>\n\t\t\t\t<a href='https:\/\/geab.se\/elnat\/storsta-elnatsutbyggnad-50-ar\/img_7513\/'><img loading=\"lazy\" decoding=\"async\" width=\"800\" height=\"533\" src=\"https:\/\/geab.se\/elnat\/wp-content\/uploads\/sites\/3\/2025\/06\/IMG_7513-900x600.jpg\" class=\"attachment-large size-large\" alt=\"De som driver kapacitet Gotland.\" srcset=\"https:\/\/geab.se\/elnat\/wp-content\/uploads\/sites\/3\/2025\/06\/IMG_7513-900x600.jpg 900w, https:\/\/geab.se\/elnat\/wp-content\/uploads\/sites\/3\/2025\/06\/IMG_7513-450x300.jpg 450w, https:\/\/geab.se\/elnat\/wp-content\/uploads\/sites\/3\/2025\/06\/IMG_7513-1536x1024.jpg 1536w, https:\/\/geab.se\/elnat\/wp-content\/uploads\/sites\/3\/2025\/06\/IMG_7513-2048x1365.jpg 2048w\" sizes=\"(max-width: 800px) 100vw, 800px\" \/><\/a>\n\t\t\t<\/div><\/figure>\n\t\t<\/div>\n\n<p>&nbsp;<\/p>\n<p><a href=\"https:\/\/geab.se\/elnat\/projekt\/kapacitet-gotland\/\">\ud83d\udfe1 L\u00e4s mer om Kapacitet Gotland h\u00e4r<\/a><\/p>\n","protected":false},"excerpt":{"rendered":"<p>Nu tar Gotlands Eln\u00e4t det f\u00f6rsta spadtaget i arbetet med att f\u00f6rst\u00e4rka och f\u00f6rnya det centrala eln\u00e4tet p\u00e5 Gotland. Satsningen beskrivs som den st\u00f6rsta p\u00e5 50 \u00e5r. \u2013 Nu har vi kommit till n\u00e4sta fas i arbetet med att utveckla och f\u00f6rb\u00e4ttra eln\u00e4tet p\u00e5 Gotland. D\u00e4rmed kan vi ta det f\u00f6rsta spadtaget i arbetet med [&hellip;]<\/p>\n","protected":false},"author":11,"featured_media":103611,"comment_status":"closed","ping_status":"closed","sticky":false,"template":"","format":"standard","meta":{"_seopress_robots_primary_cat":"none","_seopress_titles_title":"F\u00f6rsta spadtaget f\u00f6r Gotlands st\u00f6rsta eln\u00e4tsutbyggnad p\u00e5 50 \u00e5r","_seopress_titles_desc":"","_seopress_robots_index":"","footnotes":""},"categories":[39],"tags":[],"class_list":["post-103603","post","type-post","status-publish","format-standard","has-post-thumbnail","hentry","category-nyheter-elnat"],"_links":{"self":[{"href":"https:\/\/geab.se\/elnat\/wp-json\/wp\/v2\/posts\/103603","targetHints":{"allow":["GET"]}}],"collection":[{"href":"https:\/\/geab.se\/elnat\/wp-json\/wp\/v2\/posts"}],"about":[{"href":"https:\/\/geab.se\/elnat\/wp-json\/wp\/v2\/types\/post"}],"author":[{"embeddable":true,"href":"https:\/\/geab.se\/elnat\/wp-json\/wp\/v2\/users\/11"}],"replies":[{"embeddable":true,"href":"https:\/\/geab.se\/elnat\/wp-json\/wp\/v2\/comments?post=103603"}],"version-history":[{"count":9,"href":"https:\/\/geab.se\/elnat\/wp-json\/wp\/v2\/posts\/103603\/revisions"}],"predecessor-version":[{"id":103642,"href":"https:\/\/geab.se\/elnat\/wp-json\/wp\/v2\/posts\/103603\/revisions\/103642"}],"wp:featuredmedia":[{"embeddable":true,"href":"https:\/\/geab.se\/elnat\/wp-json\/wp\/v2\/media\/103611"}],"wp:attachment":[{"href":"https:\/\/geab.se\/elnat\/wp-json\/wp\/v2\/media?parent=103603"}],"wp:term":[{"taxonomy":"category","embeddable":true,"href":"https:\/\/geab.se\/elnat\/wp-json\/wp\/v2\/categories?post=103603"},{"taxonomy":"post_tag","embeddable":true,"href":"https:\/\/geab.se\/elnat\/wp-json\/wp\/v2\/tags?post=103603"}],"curies":[{"name":"wp","href":"https:\/\/api.w.org\/{rel}","templated":true}]}}